{"id":14334,"date":"2017-12-18T17:00:34","date_gmt":"2017-12-18T16:00:34","guid":{"rendered":"https:\/\/parmigianoreggiano.museidelcibo.it\/?p=14334"},"modified":"2024-01-09T16:17:41","modified_gmt":"2024-01-09T15:17:41","slug":"carracci-venditore-parmigiano","status":"publish","type":"post","link":"https:\/\/parmigianoreggiano.museidelcibo.it\/en\/carracci-venditore-parmigiano\/","title":{"rendered":"Il venditore di formaggio Parmigiano"},"content":{"rendered":"<p>Un personaggio, intento a vendere il formaggio nella strada, che nella mano destra tiene la tipica punta, mentre con la sinistra abbraccia una mezza forma.<\/p>\n<p>Alla cintura si riconosce una stadera per pesare il prodotto. Da notare le dimensioni della forma, larga e bassa, come si presentava nel XVII secolo.<\/p>\n<p>Si tratta di una stampa, acquaforte e bulino su carta, della celebre serie &#8216;<em>Le Arti per vi<\/em>a&#8217; (ottanta incisioni originali di Simon Guillain, tratte da altrettanti disegni di <strong>Annibale Carracci<\/strong> che rappresentavano i mestieri ambulanti di Bologna) ed \u00e8 nota in quattro stati: i primi due risalgono al 1646, il terzo al 1740 e l&#8217;ultimo al 1766.<\/p>\n<p>L\u2019esemplare esposto al Museo del Parmigiano \u00e8 un primo stato del 1646.<\/p>\n<p>Al fondo del foglio si leggono il numero 73 (relativo alla posizione della stampa nella serie completa) e la didascalia \u2018vende formaggio parmigiano\u2019.<\/p>\n<p>Tutte le stampe di questa serie sono caratterizzate dalla forte espressivit\u00e0 con cui sono ritratte le figure, inserite in un ambiente spesso periferico o paesano pi\u00f9 che cittadino, Bologna appare pi\u00f9 volte sullo sfondo ma \u00e8 quasi irriconoscibile. Ci\u00f2 che interessa ad Annibale Carracci non \u00e8 tanto la descrizione reale, quanto la resa grottesca e folklorica dei personaggi e dei mestieri da essi esercitati.<\/p>\n","protected":false},"excerpt":{"rendered":"<p>Un personaggio, intento a vendere il formaggio nella strada, che nella mano destra tiene la tipica punta, mentre con la sinistra abbraccia una mezza forma.<\/p>\n","protected":false},"author":3,"featured_media":14335,"comment_status":"closed","ping_status":"closed","sticky":false,"template":"","format":"standard","meta":[],"categories":[14,19],"tags":[],"_links":{"self":[{"href":"https:\/\/parmigianoreggiano.museidelcibo.it\/en\/wp-json\/wp\/v2\/posts\/14334"}],"collection":[{"href":"https:\/\/parmigianoreggiano.museidelcibo.it\/en\/wp-json\/wp\/v2\/posts"}],"about":[{"href":"https:\/\/parmigianoreggiano.museidelcibo.it\/en\/wp-json\/wp\/v2\/types\/post"}],"author":[{"embeddable":true,"href":"https:\/\/parmigianoreggiano.museidelcibo.it\/en\/wp-json\/wp\/v2\/users\/3"}],"replies":[{"embeddable":true,"href":"https:\/\/parmigianoreggiano.museidelcibo.it\/en\/wp-json\/wp\/v2\/comments?post=14334"}],"version-history":[{"count":0,"href":"https:\/\/parmigianoreggiano.museidelcibo.it\/en\/wp-json\/wp\/v2\/posts\/14334\/revisions"}],"wp:featuredmedia":[{"embeddable":true,"href":"https:\/\/parmigianoreggiano.museidelcibo.it\/en\/wp-json\/wp\/v2\/media\/14335"}],"wp:attachment":[{"href":"https:\/\/parmigianoreggiano.museidelcibo.it\/en\/wp-json\/wp\/v2\/media?parent=14334"}],"wp:term":[{"taxonomy":"category","embeddable":true,"href":"https:\/\/parmigianoreggiano.museidelcibo.it\/en\/wp-json\/wp\/v2\/categories?post=14334"},{"taxonomy":"post_tag","embeddable":true,"href":"https:\/\/parmigianoreggiano.museidelcibo.it\/en\/wp-json\/wp\/v2\/tags?post=14334"}],"curies":[{"name":"wp","href":"https:\/\/api.w.org\/{rel}","templated":true}]}}