{"id":20669,"date":"2025-06-23T15:19:52","date_gmt":"2025-06-23T13:19:52","guid":{"rendered":"https:\/\/parmigianoreggiano.museidelcibo.it\/?p=20669"},"modified":"2025-06-23T15:26:08","modified_gmt":"2025-06-23T13:26:08","slug":"la-badessa-giovanna-donna-del-formaggio-parmigiano","status":"publish","type":"post","link":"https:\/\/parmigianoreggiano.museidelcibo.it\/en\/la-badessa-giovanna-donna-del-formaggio-parmigiano\/","title":{"rendered":"Le signore del cibo: La badessa Giovanna, donna del Formaggio Parmigiano"},"content":{"rendered":"<p><div class=\"fusion-fullwidth fullwidth-box nonhundred-percent-fullwidth non-hundred-percent-height-scrolling\"  style='background-color: #ffffff;background-position: center center;background-repeat: no-repeat;padding-top:0px;padding-right:0px;padding-bottom:0px;padding-left:0px;'><div class=\"fusion-builder-row fusion-row \"><div  class=\"fusion-layout-column fusion_builder_column fusion_builder_column_1_1  fusion-one-full fusion-column-first fusion-column-last 1_1\"  style='margin-top:0px;margin-bottom:0px;'>\n\t\t\t\t\t<div class=\"fusion-column-wrapper\" style=\"padding: 0px 0px 0px 0px;background-position:left top;background-repeat:no-repeat;-webkit-background-size:cover;-moz-background-size:cover;-o-background-size:cover;background-size:cover;\"  data-bg-url=\"\">\n\t\t\t\t\t\t<div class=\"fusion-text\"><p><em>A cura di Giovanni Ballarini<\/em><\/p>\n<p><em>Il monastero benedettino di San Paolo, fondato verso l&#8217;anno 1000 dal vescovo di Parma Sigifredo II presso la chiesa eretta nel 985, in questo fine del Millequattrocento e inizio del Millecinquecento sta godendo di un grande splendore sotto il governo delle badesse Cecilia Bergonzi (dal 1488 al 1505) e <strong>Giovanna Piacenza<\/strong> (dal 1507 al 1524) che ne hanno fatto uno dei centri culturali pi\u00f9 vivaci di Parma. Uno splendore che deriva dalla saggia amministrazione di un ampio patrimonio, tra i quali <strong>grance e altri possedimenti agricoli e un caseificio<\/strong> e nell\u2019avere tra le consorelle membri delle famiglie signorili della zona. In modo particolare la badessa Giovanna Piacenza (1479-1524) figlia degli aristocratici parmigiani Marco e Agnese Bergonzi, nel 1498 entrata nel monastero benedettino di cui diviene badessa, nel 1507 cura molto il decoro del monastero e la sua solidit\u00e0 economica, dedicando il primo decennio del suo superiorato alla sistemazione delle rendite e alla difesa di usi e costumi, sia ai rifacimenti architettonici e gli abbellimenti nel monastero. Donna di vasta cultura, seguendo le usanze delle grandi dame del Rinascimento, <strong>apre il suo appartamento ad artisti e letterati<\/strong>. \u00c8 con la sua opera di <strong>saggia imprenditrice del caseificio<\/strong> posto nella Grancia di Giarola dotato di due caldaie, che la badessa Giovanna diviene un esempio nella produzione del Formaggio Parmigiano ed \u00e8 qui che la Badessa, durante una delle sue visite periodiche, ci ospita per un\u2019intervista su questa sua attivit\u00e0. Diversi sono i motivi di questa scelta. Questo \u00e8 un posto tranquillo, dove possiamo gustare un ottimo formaggio Parmigiano unitamente a un vino dei colli della qui vicina Grancia dei Benedettini di Oppiano, decisamente migliore dei vini di pianura.<\/em><\/p>\n<p><strong>Reverenda Badessa Giovanna, lei \u00e8 nota agli abitanti di questa citt\u00e0 di Parma, e non solo, per la sua perizia nel condure il caseificio della Grancia di Giarola dove si produce un formaggio di alta qualit\u00e0, tanto da essere denominato Formaggio della Badessa. Perch\u00e9 questa sua cura?<br \/>\n<\/strong>La tradizione vuole che la fondazione dell\u2019ordine benedettino femminile, di cui faccio parte, risalga a Santa Scolastica, sorella di San Benedetto. La Regola benedettina impone ordine, stabilit\u00e0, equilibrio fra preghiera e lavoro e grazie alle donazioni i monasteri acquisiscono propriet\u00e0 e divengono poli di innovazione tecnologica con l\u2019introduzione di mulini ad acqua, officine di ogni genere e in queste terre anche caseifici dove lavorare e conservare a lungo il latte delle mucche impiegate nei lavori dei campi. Ancora prima di entrare in questa abbazia sapevo che nei secoli passati e in queste terre, accanto alle loro abbazie dotate di grance, i monaci avevano costruito dei caseifici per lavorare il latte vaccino trasformandolo in un formaggio a lunga maturazione. Quando sono divenuta badessa e mi sono occupata di questo caseificio ho costatato che non sempre il formaggio era di buona qualit\u00e0 e dovevo intervenire. Per questo mi sono rivolta ai monaci del Monastero benedettino di San Giovanni di Parma i quali mi hanno iniziato alle conoscenze sulla lavorazione del latte vaccino per produrre formaggi a lunga maturazione e conservazione.<\/p>\n<p><strong>Comprendo i motivi della sua scelta, ma che cosa ha potuto apprendere dai Monaci della Abbazia di San Giovanni?<br \/>\n<\/strong>Questi monaci nelle terre della vicina Reggio avevano il caseificio del Traghettino, nel latifondo appartenuto fino al 1219 alla Abbazia di Canossa, quindi passato al Monastero di San Giovanni di Parma. Parlando e vedendo di persona questo caseificio ho conosciuto in dettaglio quelli che per me erano i misteri della trasformazione del latte in formaggio e ho potuto migliorare questo caseificio che ora ci ospita, aumentandone la produzione e soprattutto la qualit\u00e0 del formaggio. In questa corte che ci ospita, il casello di forma quadrangolare \u00e8 dotato di due fuochi dove bruciare fascine e due grandi caldaie in rame. Quello che pi\u00f9 \u00e8 importante \u00e8 stato il miglioramento della perizia del casaro e del suo aiutante che regola il fuoco, che ho anche mandato a vedere come si opera nel caseificio del Traghettino. Gli aspetti che pi\u00f9 mi hanno interessato, sono la scrematura del latte e soprattutto l\u2019uso di coagulanti, dal caglio estratto dallo stomaco di animali o utilizzando erbe particolari. Ho cos\u00ec appreso che sono stati i monaci delle abbazie come quella qui a Parma di San Giovanni, che nelle loro biblioteche hanno scoperto come gli antichi romani per cagliare il latte usassero lo stomaco della lepre e il cardo selvatico.<\/p>\n<p><strong>Reverenda Badessa Giovanna, cosa mi pu\u00f2 dire su questo formaggio che nella citt\u00e0 di Parma e anche oltre \u00e8 noto come Formaggio della Badessa?<br \/>\n<\/strong>Come le ho gi\u00e0 accennato all\u2019inizio di questa gradevole conversazione, fin dall\u2019inizio del mio mandato di badessa curo attentamente la solidit\u00e0 economica del monastero con le sue rendite. Considerate le caratteristiche ambientali di questa Grangia di Giarola nella quale vi sono due stalle con un centinaio di buoi da lavoro e mucche che producono abbondante latte, si comprende l\u2019esistenza di un casello con due caldaie per fare il formaggio secondo l\u2019uso dei monaci cistercensi e benedettini. Un formaggio a lunga stagionatura e conservazione e quindi di dimensioni molto maggiori di quelle dei caci di pecora o capra e prodotto con una perizia che, come le\u00a0ho detto, ho particolarmente curato. Una forma di Parmigiano di Giarola non manca mai sulle mense del mio Monastero, soprattutto quando vi sono ospiti e, sono orgogliosa di dire, che una punta e anche una forma di questo formaggio che non esito denominare aureo \u00e8 un dono prezioso sempre gradito soprattutto da artisti e letterati che frequentano il Monastero nel quale ho reso meno stringente la clausura. Tra questi mi piace ricordare Antonio Allegri, detto il Correggio (1489-1534) che ha affrescato parte del Monastero di San Paolo (N. d. I. \u2013 Soprattutto quella che sar\u00e0 denominata Camera della Badessa) che non solo ha visitato la Corte di Giarola ma ha anche molto gradito, come parziale ricompensa del suo lavoro, una forma del formaggio qui fabbricato, giudicandolo di grande qualit\u00e0.<\/p>\n<\/div><div class=\"fusion-clearfix\"><\/div>\n\n\t\t\t\t\t<\/div>\n\t\t\t\t<\/div><\/div><\/div><div class=\"fusion-fullwidth fullwidth-box nonhundred-percent-fullwidth non-hundred-percent-height-scrolling\"  style='background-color: #f2f2f2;background-position: center center;background-repeat: no-repeat;padding-top:70px;padding-right:0px;padding-bottom:30px;padding-left:0px;'><div class=\"fusion-builder-row fusion-row \"><div  class=\"fusion-layout-column fusion_builder_column fusion_builder_column_1_1  fusion-one-full fusion-column-first fusion-column-last 1_1\"  style='margin-top:0px;margin-bottom:0px;'>\n\t\t\t\t\t<div class=\"fusion-column-wrapper\" style=\"padding: 0px 0px 0px 0px;background-position:left top;background-repeat:no-repeat;-webkit-background-size:cover;-moz-background-size:cover;-o-background-size:cover;background-size:cover;\"  data-bg-url=\"\">\n\t\t\t\t\t\t<div class=\"fusion-image-carousel fusion-image-carousel-auto lightbox-enabled fusion-image-carousel-caption fusion-carousel-nav-outside\"><div class=\"fusion-carousel\" data-autoplay=\"no\" data-columns=\"3\" data-itemmargin=\"30\" data-itemwidth=\"180\" data-touchscroll=\"no\" data-imagesize=\"auto\"><div class=\"fusion-carousel-positioner\"><ul class=\"fusion-carousel-holder\"><li class=\"fusion-carousel-item\"><div class=\"fusion-carousel-item-wrapper\"><div class=\"fusion-image-wrapper hover-type-none\"><a data-rel=\"iLightbox[gallery_image_1]\" data-caption=\"Ritratto di Antonio Allegri detto il Correggio. Incisione a bulino su carta, inizi del XIX secolo (Parma, Collezione privata).\" data-title=\"124.05.02 &#8211; Ritratto di Antonio Allegri detto il Correggio, in una incisione degli inizi del XIX secolo (Parma, Collezione privata) &#8211; CRP 21809 copia\" aria-label=\"124.05.02 &#8211; Ritratto di Antonio Allegri detto il Correggio, in una incisione degli inizi del XIX secolo (Parma, Collezione privata) &#8211; CRP 21809 copia\" href=\"https:\/\/parmigianoreggiano.museidelcibo.it\/wp-content\/uploads\/sites\/2\/2025\/06\/124.05.02-Ritratto-di-Antonio-Allegri-detto-il-Correggio-in-una-incisione-degli-inizi-del-XIX-secolo-Parma-Collezione-privata-CRP-21809-copia-400x563.jpg\" target=\"_self\"><img width=\"1000\" height=\"1407\" src=\"https:\/\/parmigianoreggiano.museidelcibo.it\/wp-content\/uploads\/sites\/2\/2025\/06\/124.05.02-Ritratto-di-Antonio-Allegri-detto-il-Correggio-in-una-incisione-degli-inizi-del-XIX-secolo-Parma-Collezione-privata-CRP-21809-copia.jpg\" class=\"attachment-full size-full\" alt=\"\" loading=\"lazy\" srcset=\"https:\/\/parmigianoreggiano.museidelcibo.it\/wp-content\/uploads\/sites\/2\/2025\/06\/124.05.02-Ritratto-di-Antonio-Allegri-detto-il-Correggio-in-una-incisione-degli-inizi-del-XIX-secolo-Parma-Collezione-privata-CRP-21809-copia-200x281.jpg 200w, https:\/\/parmigianoreggiano.museidelcibo.it\/wp-content\/uploads\/sites\/2\/2025\/06\/124.05.02-Ritratto-di-Antonio-Allegri-detto-il-Correggio-in-una-incisione-degli-inizi-del-XIX-secolo-Parma-Collezione-privata-CRP-21809-copia-213x300.jpg 213w, https:\/\/parmigianoreggiano.museidelcibo.it\/wp-content\/uploads\/sites\/2\/2025\/06\/124.05.02-Ritratto-di-Antonio-Allegri-detto-il-Correggio-in-una-incisione-degli-inizi-del-XIX-secolo-Parma-Collezione-privata-CRP-21809-copia-400x563.jpg 400w, https:\/\/parmigianoreggiano.museidelcibo.it\/wp-content\/uploads\/sites\/2\/2025\/06\/124.05.02-Ritratto-di-Antonio-Allegri-detto-il-Correggio-in-una-incisione-degli-inizi-del-XIX-secolo-Parma-Collezione-privata-CRP-21809-copia-600x844.jpg 600w, https:\/\/parmigianoreggiano.museidelcibo.it\/wp-content\/uploads\/sites\/2\/2025\/06\/124.05.02-Ritratto-di-Antonio-Allegri-detto-il-Correggio-in-una-incisione-degli-inizi-del-XIX-secolo-Parma-Collezione-privata-CRP-21809-copia-728x1024.jpg 728w, https:\/\/parmigianoreggiano.museidelcibo.it\/wp-content\/uploads\/sites\/2\/2025\/06\/124.05.02-Ritratto-di-Antonio-Allegri-detto-il-Correggio-in-una-incisione-degli-inizi-del-XIX-secolo-Parma-Collezione-privata-CRP-21809-copia-768x1081.jpg 768w, https:\/\/parmigianoreggiano.museidelcibo.it\/wp-content\/uploads\/sites\/2\/2025\/06\/124.05.02-Ritratto-di-Antonio-Allegri-detto-il-Correggio-in-una-incisione-degli-inizi-del-XIX-secolo-Parma-Collezione-privata-CRP-21809-copia-800x1126.jpg 800w, https:\/\/parmigianoreggiano.museidelcibo.it\/wp-content\/uploads\/sites\/2\/2025\/06\/124.05.02-Ritratto-di-Antonio-Allegri-detto-il-Correggio-in-una-incisione-degli-inizi-del-XIX-secolo-Parma-Collezione-privata-CRP-21809-copia.jpg 1000w\" sizes=\"(max-width: 1000px) 100vw, 1000px\" \/><\/a><\/div><\/div><\/li><li class=\"fusion-carousel-item\"><div class=\"fusion-carousel-item-wrapper\"><div class=\"fusion-image-wrapper hover-type-none\"><a data-rel=\"iLightbox[gallery_image_1]\" data-caption=\"Antonio Allegri detto il Correggio (1489-1534), Diana cacciatrice, camino della Camera di San Paolo. Affresco, 1519 (Parma, Complesso di San Paolo).\" data-title=\"124.05.03 &#8211; Antonio Allegri detto il Correggio (1489-1534), Diana cacciatrice, camino della Camerta di San Paolo, affresco, 1519 (Parma, Complesso di San Paolo) copia\" aria-label=\"124.05.03 &#8211; Antonio Allegri detto il Correggio (1489-1534), Diana cacciatrice, camino della Camerta di San Paolo, affresco, 1519 (Parma, Complesso di San Paolo) copia\" href=\"https:\/\/parmigianoreggiano.museidelcibo.it\/wp-content\/uploads\/sites\/2\/2025\/06\/124.05.03-Antonio-Allegri-detto-il-Correggio-1489-1534-Diana-cacciatrice-camino-della-Camerta-di-San-Paolo-affresco-1519-Parma-Complesso-di-San-Paolo-copia-400x604.png\" target=\"_self\"><img width=\"620\" height=\"936\" src=\"https:\/\/parmigianoreggiano.museidelcibo.it\/wp-content\/uploads\/sites\/2\/2025\/06\/124.05.03-Antonio-Allegri-detto-il-Correggio-1489-1534-Diana-cacciatrice-camino-della-Camerta-di-San-Paolo-affresco-1519-Parma-Complesso-di-San-Paolo-copia.png\" class=\"attachment-full size-full\" alt=\"\" loading=\"lazy\" srcset=\"https:\/\/parmigianoreggiano.museidelcibo.it\/wp-content\/uploads\/sites\/2\/2025\/06\/124.05.03-Antonio-Allegri-detto-il-Correggio-1489-1534-Diana-cacciatrice-camino-della-Camerta-di-San-Paolo-affresco-1519-Parma-Complesso-di-San-Paolo-copia-199x300.png 199w, https:\/\/parmigianoreggiano.museidelcibo.it\/wp-content\/uploads\/sites\/2\/2025\/06\/124.05.03-Antonio-Allegri-detto-il-Correggio-1489-1534-Diana-cacciatrice-camino-della-Camerta-di-San-Paolo-affresco-1519-Parma-Complesso-di-San-Paolo-copia-200x302.png 200w, https:\/\/parmigianoreggiano.museidelcibo.it\/wp-content\/uploads\/sites\/2\/2025\/06\/124.05.03-Antonio-Allegri-detto-il-Correggio-1489-1534-Diana-cacciatrice-camino-della-Camerta-di-San-Paolo-affresco-1519-Parma-Complesso-di-San-Paolo-copia-400x604.png 400w, https:\/\/parmigianoreggiano.museidelcibo.it\/wp-content\/uploads\/sites\/2\/2025\/06\/124.05.03-Antonio-Allegri-detto-il-Correggio-1489-1534-Diana-cacciatrice-camino-della-Camerta-di-San-Paolo-affresco-1519-Parma-Complesso-di-San-Paolo-copia-600x906.png 600w, https:\/\/parmigianoreggiano.museidelcibo.it\/wp-content\/uploads\/sites\/2\/2025\/06\/124.05.03-Antonio-Allegri-detto-il-Correggio-1489-1534-Diana-cacciatrice-camino-della-Camerta-di-San-Paolo-affresco-1519-Parma-Complesso-di-San-Paolo-copia.png 620w\" sizes=\"(max-width: 620px) 100vw, 620px\" \/><\/a><\/div><\/div><\/li><li class=\"fusion-carousel-item\"><div class=\"fusion-carousel-item-wrapper\"><div class=\"fusion-image-wrapper hover-type-none\"><a data-rel=\"iLightbox[gallery_image_1]\" data-caption=\"L&#039;antica Corte di Giarola, in una mappa del XVIII secolo (Parma, Archivio di Stato).\" data-title=\"124.05.04 &#8211; L&#8217;antica Corte di Giarola, oggi sede del Museo del Pomodoro, in una mappa del XVIII secolo\" aria-label=\"124.05.04 &#8211; L&#8217;antica Corte di Giarola, oggi sede del Museo del Pomodoro, in una mappa del XVIII secolo\" href=\"https:\/\/parmigianoreggiano.museidelcibo.it\/wp-content\/uploads\/sites\/2\/2025\/06\/124.05.04-Lantica-Corte-di-Giarola-oggi-sede-del-Museo-del-Pomodoro-in-una-mappa-del-XVIII-secolo-400x415.jpg\" target=\"_self\"><img width=\"550\" height=\"571\" src=\"https:\/\/parmigianoreggiano.museidelcibo.it\/wp-content\/uploads\/sites\/2\/2025\/06\/124.05.04-Lantica-Corte-di-Giarola-oggi-sede-del-Museo-del-Pomodoro-in-una-mappa-del-XVIII-secolo.jpg\" class=\"attachment-full size-full\" alt=\"\" loading=\"lazy\" srcset=\"https:\/\/parmigianoreggiano.museidelcibo.it\/wp-content\/uploads\/sites\/2\/2025\/06\/124.05.04-Lantica-Corte-di-Giarola-oggi-sede-del-Museo-del-Pomodoro-in-una-mappa-del-XVIII-secolo-200x208.jpg 200w, https:\/\/parmigianoreggiano.museidelcibo.it\/wp-content\/uploads\/sites\/2\/2025\/06\/124.05.04-Lantica-Corte-di-Giarola-oggi-sede-del-Museo-del-Pomodoro-in-una-mappa-del-XVIII-secolo-289x300.jpg 289w, https:\/\/parmigianoreggiano.museidelcibo.it\/wp-content\/uploads\/sites\/2\/2025\/06\/124.05.04-Lantica-Corte-di-Giarola-oggi-sede-del-Museo-del-Pomodoro-in-una-mappa-del-XVIII-secolo-400x415.jpg 400w, https:\/\/parmigianoreggiano.museidelcibo.it\/wp-content\/uploads\/sites\/2\/2025\/06\/124.05.04-Lantica-Corte-di-Giarola-oggi-sede-del-Museo-del-Pomodoro-in-una-mappa-del-XVIII-secolo.jpg 550w\" sizes=\"(max-width: 550px) 100vw, 550px\" \/><\/a><\/div><\/div><\/li><li class=\"fusion-carousel-item\"><div class=\"fusion-carousel-item-wrapper\"><div class=\"fusion-image-wrapper hover-type-none\"><a data-rel=\"iLightbox[gallery_image_1]\" data-caption=\"Pianta della Corte di Giarola, China su carta, 1829 (Parma, Archivio di Stato).\" data-title=\"124.05.05 &#8211; Pianta della Corte di Giarola 1829\" aria-label=\"124.05.05 &#8211; Pianta della Corte di Giarola 1829\" href=\"https:\/\/parmigianoreggiano.museidelcibo.it\/wp-content\/uploads\/sites\/2\/2025\/06\/124.05.05-Pianta-della-Corte-di-Giarola-1829-400x464.jpg\" target=\"_self\"><img width=\"982\" height=\"1140\" src=\"https:\/\/parmigianoreggiano.museidelcibo.it\/wp-content\/uploads\/sites\/2\/2025\/06\/124.05.05-Pianta-della-Corte-di-Giarola-1829.jpg\" class=\"attachment-full size-full\" alt=\"\" loading=\"lazy\" srcset=\"https:\/\/parmigianoreggiano.museidelcibo.it\/wp-content\/uploads\/sites\/2\/2025\/06\/124.05.05-Pianta-della-Corte-di-Giarola-1829-200x232.jpg 200w, https:\/\/parmigianoreggiano.museidelcibo.it\/wp-content\/uploads\/sites\/2\/2025\/06\/124.05.05-Pianta-della-Corte-di-Giarola-1829-258x300.jpg 258w, https:\/\/parmigianoreggiano.museidelcibo.it\/wp-content\/uploads\/sites\/2\/2025\/06\/124.05.05-Pianta-della-Corte-di-Giarola-1829-400x464.jpg 400w, https:\/\/parmigianoreggiano.museidelcibo.it\/wp-content\/uploads\/sites\/2\/2025\/06\/124.05.05-Pianta-della-Corte-di-Giarola-1829-600x697.jpg 600w, https:\/\/parmigianoreggiano.museidelcibo.it\/wp-content\/uploads\/sites\/2\/2025\/06\/124.05.05-Pianta-della-Corte-di-Giarola-1829-768x892.jpg 768w, https:\/\/parmigianoreggiano.museidelcibo.it\/wp-content\/uploads\/sites\/2\/2025\/06\/124.05.05-Pianta-della-Corte-di-Giarola-1829-800x929.jpg 800w, https:\/\/parmigianoreggiano.museidelcibo.it\/wp-content\/uploads\/sites\/2\/2025\/06\/124.05.05-Pianta-della-Corte-di-Giarola-1829-882x1024.jpg 882w, https:\/\/parmigianoreggiano.museidelcibo.it\/wp-content\/uploads\/sites\/2\/2025\/06\/124.05.05-Pianta-della-Corte-di-Giarola-1829.jpg 982w\" sizes=\"(max-width: 982px) 100vw, 982px\" \/><\/a><\/div><\/div><\/li><li class=\"fusion-carousel-item\"><div class=\"fusion-carousel-item-wrapper\"><div class=\"fusion-image-wrapper hover-type-none\"><a data-rel=\"iLightbox[gallery_image_1]\" data-caption=\"Corte di Giarola (Collecchio), veduta aerea con il greto del fiume Taro alle spalle.\" data-title=\"124.05.06 &#8211; Corte di Giarola (Collecchio), veduta aerea con il greto del fiume Taro alle spalle\" aria-label=\"124.05.06 &#8211; Corte di Giarola (Collecchio), veduta aerea con il greto del fiume Taro alle spalle\" href=\"https:\/\/parmigianoreggiano.museidelcibo.it\/wp-content\/uploads\/sites\/2\/2025\/06\/124.05.06-Corte-di-Giarola-Collecchio-veduta-aerea-con-il-greto-del-fiume-Taro-alle-spalle-400x252.jpg\" target=\"_self\"><img width=\"1000\" height=\"630\" src=\"https:\/\/parmigianoreggiano.museidelcibo.it\/wp-content\/uploads\/sites\/2\/2025\/06\/124.05.06-Corte-di-Giarola-Collecchio-veduta-aerea-con-il-greto-del-fiume-Taro-alle-spalle.jpg\" class=\"attachment-full size-full\" alt=\"\" loading=\"lazy\" srcset=\"https:\/\/parmigianoreggiano.museidelcibo.it\/wp-content\/uploads\/sites\/2\/2025\/06\/124.05.06-Corte-di-Giarola-Collecchio-veduta-aerea-con-il-greto-del-fiume-Taro-alle-spalle-200x126.jpg 200w, https:\/\/parmigianoreggiano.museidelcibo.it\/wp-content\/uploads\/sites\/2\/2025\/06\/124.05.06-Corte-di-Giarola-Collecchio-veduta-aerea-con-il-greto-del-fiume-Taro-alle-spalle-300x189.jpg 300w, https:\/\/parmigianoreggiano.museidelcibo.it\/wp-content\/uploads\/sites\/2\/2025\/06\/124.05.06-Corte-di-Giarola-Collecchio-veduta-aerea-con-il-greto-del-fiume-Taro-alle-spalle-320x202.jpg 320w, https:\/\/parmigianoreggiano.museidelcibo.it\/wp-content\/uploads\/sites\/2\/2025\/06\/124.05.06-Corte-di-Giarola-Collecchio-veduta-aerea-con-il-greto-del-fiume-Taro-alle-spalle-400x252.jpg 400w, https:\/\/parmigianoreggiano.museidelcibo.it\/wp-content\/uploads\/sites\/2\/2025\/06\/124.05.06-Corte-di-Giarola-Collecchio-veduta-aerea-con-il-greto-del-fiume-Taro-alle-spalle-600x378.jpg 600w, https:\/\/parmigianoreggiano.museidelcibo.it\/wp-content\/uploads\/sites\/2\/2025\/06\/124.05.06-Corte-di-Giarola-Collecchio-veduta-aerea-con-il-greto-del-fiume-Taro-alle-spalle-700x441.jpg 700w, https:\/\/parmigianoreggiano.museidelcibo.it\/wp-content\/uploads\/sites\/2\/2025\/06\/124.05.06-Corte-di-Giarola-Collecchio-veduta-aerea-con-il-greto-del-fiume-Taro-alle-spalle-768x484.jpg 768w, https:\/\/parmigianoreggiano.museidelcibo.it\/wp-content\/uploads\/sites\/2\/2025\/06\/124.05.06-Corte-di-Giarola-Collecchio-veduta-aerea-con-il-greto-del-fiume-Taro-alle-spalle-800x504.jpg 800w, https:\/\/parmigianoreggiano.museidelcibo.it\/wp-content\/uploads\/sites\/2\/2025\/06\/124.05.06-Corte-di-Giarola-Collecchio-veduta-aerea-con-il-greto-del-fiume-Taro-alle-spalle.jpg 1000w\" sizes=\"(max-width: 1000px) 100vw, 1000px\" \/><\/a><\/div><\/div><\/li><li class=\"fusion-carousel-item\"><div class=\"fusion-carousel-item-wrapper\"><div class=\"fusion-image-wrapper hover-type-none\"><a data-rel=\"iLightbox[gallery_image_1]\" data-caption=\"Il greto del Taro all\u2019altezza della Corte di Giarola, dove, fin da tempi antichi, un guado permetteva l\u2019attraversamento del fiume.\" data-title=\"124.05.07 &#8211; Il greto del Taro all\u2019altezza della Corte di Giarola\" aria-label=\"124.05.07 &#8211; Il greto del Taro all\u2019altezza della Corte di Giarola\" href=\"https:\/\/parmigianoreggiano.museidelcibo.it\/wp-content\/uploads\/sites\/2\/2025\/06\/124.05.07-Il-greto-del-Taro-allaltezza-della-Corte-di-Giarola-400x267.jpg\" target=\"_self\"><img width=\"1000\" height=\"667\" src=\"https:\/\/parmigianoreggiano.museidelcibo.it\/wp-content\/uploads\/sites\/2\/2025\/06\/124.05.07-Il-greto-del-Taro-allaltezza-della-Corte-di-Giarola.jpg\" class=\"attachment-full size-full\" alt=\"\" loading=\"lazy\" srcset=\"https:\/\/parmigianoreggiano.museidelcibo.it\/wp-content\/uploads\/sites\/2\/2025\/06\/124.05.07-Il-greto-del-Taro-allaltezza-della-Corte-di-Giarola-200x133.jpg 200w, https:\/\/parmigianoreggiano.museidelcibo.it\/wp-content\/uploads\/sites\/2\/2025\/06\/124.05.07-Il-greto-del-Taro-allaltezza-della-Corte-di-Giarola-300x200.jpg 300w, https:\/\/parmigianoreggiano.museidelcibo.it\/wp-content\/uploads\/sites\/2\/2025\/06\/124.05.07-Il-greto-del-Taro-allaltezza-della-Corte-di-Giarola-400x267.jpg 400w, https:\/\/parmigianoreggiano.museidelcibo.it\/wp-content\/uploads\/sites\/2\/2025\/06\/124.05.07-Il-greto-del-Taro-allaltezza-della-Corte-di-Giarola-600x400.jpg 600w, https:\/\/parmigianoreggiano.museidelcibo.it\/wp-content\/uploads\/sites\/2\/2025\/06\/124.05.07-Il-greto-del-Taro-allaltezza-della-Corte-di-Giarola-768x512.jpg 768w, https:\/\/parmigianoreggiano.museidelcibo.it\/wp-content\/uploads\/sites\/2\/2025\/06\/124.05.07-Il-greto-del-Taro-allaltezza-della-Corte-di-Giarola-800x534.jpg 800w, https:\/\/parmigianoreggiano.museidelcibo.it\/wp-content\/uploads\/sites\/2\/2025\/06\/124.05.07-Il-greto-del-Taro-allaltezza-della-Corte-di-Giarola.jpg 1000w\" sizes=\"(max-width: 1000px) 100vw, 1000px\" \/><\/a><\/div><\/div><\/li><li class=\"fusion-carousel-item\"><div class=\"fusion-carousel-item-wrapper\"><div class=\"fusion-image-wrapper hover-type-none\"><a data-rel=\"iLightbox[gallery_image_1]\" data-caption=\"Corte di Giarola, esterno del lato sud-est.\" data-title=\"124.05.08 &#8211; Corte di Giarola, esterno del lato sud-est\" aria-label=\"124.05.08 &#8211; Corte di Giarola, esterno del lato sud-est\" href=\"https:\/\/parmigianoreggiano.museidelcibo.it\/wp-content\/uploads\/sites\/2\/2025\/06\/124.05.08-Corte-di-Giarola-esterno-del-lato-sud-est-400x267.jpg\" target=\"_self\"><img width=\"1000\" height=\"667\" src=\"https:\/\/parmigianoreggiano.museidelcibo.it\/wp-content\/uploads\/sites\/2\/2025\/06\/124.05.08-Corte-di-Giarola-esterno-del-lato-sud-est.jpg\" class=\"attachment-full size-full\" alt=\"\" loading=\"lazy\" srcset=\"https:\/\/parmigianoreggiano.museidelcibo.it\/wp-content\/uploads\/sites\/2\/2025\/06\/124.05.08-Corte-di-Giarola-esterno-del-lato-sud-est-200x133.jpg 200w, https:\/\/parmigianoreggiano.museidelcibo.it\/wp-content\/uploads\/sites\/2\/2025\/06\/124.05.08-Corte-di-Giarola-esterno-del-lato-sud-est-300x200.jpg 300w, https:\/\/parmigianoreggiano.museidelcibo.it\/wp-content\/uploads\/sites\/2\/2025\/06\/124.05.08-Corte-di-Giarola-esterno-del-lato-sud-est-400x267.jpg 400w, https:\/\/parmigianoreggiano.museidelcibo.it\/wp-content\/uploads\/sites\/2\/2025\/06\/124.05.08-Corte-di-Giarola-esterno-del-lato-sud-est-600x400.jpg 600w, https:\/\/parmigianoreggiano.museidelcibo.it\/wp-content\/uploads\/sites\/2\/2025\/06\/124.05.08-Corte-di-Giarola-esterno-del-lato-sud-est-768x512.jpg 768w, https:\/\/parmigianoreggiano.museidelcibo.it\/wp-content\/uploads\/sites\/2\/2025\/06\/124.05.08-Corte-di-Giarola-esterno-del-lato-sud-est-800x534.jpg 800w, https:\/\/parmigianoreggiano.museidelcibo.it\/wp-content\/uploads\/sites\/2\/2025\/06\/124.05.08-Corte-di-Giarola-esterno-del-lato-sud-est.jpg 1000w\" sizes=\"(max-width: 1000px) 100vw, 1000px\" \/><\/a><\/div><\/div><\/li><li class=\"fusion-carousel-item\"><div class=\"fusion-carousel-item-wrapper\"><div class=\"fusion-image-wrapper hover-type-none\"><a data-rel=\"iLightbox[gallery_image_1]\" data-caption=\"L&#039;antico ingresso sud alla Corte di Giarola con il bagolaro secolare.\" data-title=\"124.05.09 &#8211; L&#8217;antico ingresso sud alla Corte di Giarola con il bagolaro secolare\" aria-label=\"124.05.09 &#8211; L&#8217;antico ingresso sud alla Corte di Giarola con il bagolaro secolare\" href=\"https:\/\/parmigianoreggiano.museidelcibo.it\/wp-content\/uploads\/sites\/2\/2025\/06\/124.05.09-Lantico-ingresso-sud-alla-Corte-di-Giarola-con-il-bagolaro-secolare-400x300.jpg\" target=\"_self\"><img width=\"1000\" height=\"750\" src=\"https:\/\/parmigianoreggiano.museidelcibo.it\/wp-content\/uploads\/sites\/2\/2025\/06\/124.05.09-Lantico-ingresso-sud-alla-Corte-di-Giarola-con-il-bagolaro-secolare.jpg\" class=\"attachment-full size-full\" alt=\"\" loading=\"lazy\" srcset=\"https:\/\/parmigianoreggiano.museidelcibo.it\/wp-content\/uploads\/sites\/2\/2025\/06\/124.05.09-Lantico-ingresso-sud-alla-Corte-di-Giarola-con-il-bagolaro-secolare-200x150.jpg 200w, https:\/\/parmigianoreggiano.museidelcibo.it\/wp-content\/uploads\/sites\/2\/2025\/06\/124.05.09-Lantico-ingresso-sud-alla-Corte-di-Giarola-con-il-bagolaro-secolare-300x225.jpg 300w, https:\/\/parmigianoreggiano.museidelcibo.it\/wp-content\/uploads\/sites\/2\/2025\/06\/124.05.09-Lantico-ingresso-sud-alla-Corte-di-Giarola-con-il-bagolaro-secolare-400x300.jpg 400w, https:\/\/parmigianoreggiano.museidelcibo.it\/wp-content\/uploads\/sites\/2\/2025\/06\/124.05.09-Lantico-ingresso-sud-alla-Corte-di-Giarola-con-il-bagolaro-secolare-600x450.jpg 600w, https:\/\/parmigianoreggiano.museidelcibo.it\/wp-content\/uploads\/sites\/2\/2025\/06\/124.05.09-Lantico-ingresso-sud-alla-Corte-di-Giarola-con-il-bagolaro-secolare-768x576.jpg 768w, https:\/\/parmigianoreggiano.museidelcibo.it\/wp-content\/uploads\/sites\/2\/2025\/06\/124.05.09-Lantico-ingresso-sud-alla-Corte-di-Giarola-con-il-bagolaro-secolare-800x600.jpg 800w, https:\/\/parmigianoreggiano.museidelcibo.it\/wp-content\/uploads\/sites\/2\/2025\/06\/124.05.09-Lantico-ingresso-sud-alla-Corte-di-Giarola-con-il-bagolaro-secolare.jpg 1000w\" sizes=\"(max-width: 1000px) 100vw, 1000px\" \/><\/a><\/div><\/div><\/li><li class=\"fusion-carousel-item\"><div class=\"fusion-carousel-item-wrapper\"><div class=\"fusion-image-wrapper hover-type-none\"><a data-rel=\"iLightbox[gallery_image_1]\" data-caption=\"L&#039;antico portale di ingresso alla Corte.\" data-title=\"124.05.10 &#8211; L&#8217;antico portale di ingresso alla Corte di Giarola\" aria-label=\"124.05.10 &#8211; L&#8217;antico portale di ingresso alla Corte di Giarola\" href=\"https:\/\/parmigianoreggiano.museidelcibo.it\/wp-content\/uploads\/sites\/2\/2025\/06\/124.05.10-Lantico-portale-di-ingresso-alla-Corte-di-Giarola-400x600.jpg\" target=\"_self\"><img width=\"1000\" height=\"1500\" src=\"https:\/\/parmigianoreggiano.museidelcibo.it\/wp-content\/uploads\/sites\/2\/2025\/06\/124.05.10-Lantico-portale-di-ingresso-alla-Corte-di-Giarola.jpg\" class=\"attachment-full size-full\" alt=\"\" loading=\"lazy\" srcset=\"https:\/\/parmigianoreggiano.museidelcibo.it\/wp-content\/uploads\/sites\/2\/2025\/06\/124.05.10-Lantico-portale-di-ingresso-alla-Corte-di-Giarola-200x300.jpg 200w, https:\/\/parmigianoreggiano.museidelcibo.it\/wp-content\/uploads\/sites\/2\/2025\/06\/124.05.10-Lantico-portale-di-ingresso-alla-Corte-di-Giarola-400x600.jpg 400w, https:\/\/parmigianoreggiano.museidelcibo.it\/wp-content\/uploads\/sites\/2\/2025\/06\/124.05.10-Lantico-portale-di-ingresso-alla-Corte-di-Giarola-600x900.jpg 600w, https:\/\/parmigianoreggiano.museidelcibo.it\/wp-content\/uploads\/sites\/2\/2025\/06\/124.05.10-Lantico-portale-di-ingresso-alla-Corte-di-Giarola-683x1024.jpg 683w, https:\/\/parmigianoreggiano.museidelcibo.it\/wp-content\/uploads\/sites\/2\/2025\/06\/124.05.10-Lantico-portale-di-ingresso-alla-Corte-di-Giarola-768x1152.jpg 768w, https:\/\/parmigianoreggiano.museidelcibo.it\/wp-content\/uploads\/sites\/2\/2025\/06\/124.05.10-Lantico-portale-di-ingresso-alla-Corte-di-Giarola-800x1200.jpg 800w, https:\/\/parmigianoreggiano.museidelcibo.it\/wp-content\/uploads\/sites\/2\/2025\/06\/124.05.10-Lantico-portale-di-ingresso-alla-Corte-di-Giarola.jpg 1000w\" sizes=\"(max-width: 1000px) 100vw, 1000px\" \/><\/a><\/div><\/div><\/li><li class=\"fusion-carousel-item\"><div class=\"fusion-carousel-item-wrapper\"><div class=\"fusion-image-wrapper hover-type-none\"><a data-rel=\"iLightbox[gallery_image_1]\" data-caption=\"L\u2019ingresso alla Corte dalla torre ad est.\" data-title=\"124.05.11 &#8211; L\u2019ingresso alla Corte di Giarola dalla torre ad est\" aria-label=\"124.05.11 &#8211; L\u2019ingresso alla Corte di Giarola dalla torre ad est\" href=\"https:\/\/parmigianoreggiano.museidelcibo.it\/wp-content\/uploads\/sites\/2\/2025\/06\/124.05.11-Lingresso-alla-Corte-di-Giarola-dalla-torre-ad-est-400x600.jpg\" target=\"_self\"><img width=\"1000\" height=\"1500\" src=\"https:\/\/parmigianoreggiano.museidelcibo.it\/wp-content\/uploads\/sites\/2\/2025\/06\/124.05.11-Lingresso-alla-Corte-di-Giarola-dalla-torre-ad-est.jpg\" class=\"attachment-full size-full\" alt=\"\" loading=\"lazy\" srcset=\"https:\/\/parmigianoreggiano.museidelcibo.it\/wp-content\/uploads\/sites\/2\/2025\/06\/124.05.11-Lingresso-alla-Corte-di-Giarola-dalla-torre-ad-est-200x300.jpg 200w, https:\/\/parmigianoreggiano.museidelcibo.it\/wp-content\/uploads\/sites\/2\/2025\/06\/124.05.11-Lingresso-alla-Corte-di-Giarola-dalla-torre-ad-est-400x600.jpg 400w, https:\/\/parmigianoreggiano.museidelcibo.it\/wp-content\/uploads\/sites\/2\/2025\/06\/124.05.11-Lingresso-alla-Corte-di-Giarola-dalla-torre-ad-est-600x900.jpg 600w, https:\/\/parmigianoreggiano.museidelcibo.it\/wp-content\/uploads\/sites\/2\/2025\/06\/124.05.11-Lingresso-alla-Corte-di-Giarola-dalla-torre-ad-est-683x1024.jpg 683w, https:\/\/parmigianoreggiano.museidelcibo.it\/wp-content\/uploads\/sites\/2\/2025\/06\/124.05.11-Lingresso-alla-Corte-di-Giarola-dalla-torre-ad-est-768x1152.jpg 768w, https:\/\/parmigianoreggiano.museidelcibo.it\/wp-content\/uploads\/sites\/2\/2025\/06\/124.05.11-Lingresso-alla-Corte-di-Giarola-dalla-torre-ad-est-800x1200.jpg 800w, https:\/\/parmigianoreggiano.museidelcibo.it\/wp-content\/uploads\/sites\/2\/2025\/06\/124.05.11-Lingresso-alla-Corte-di-Giarola-dalla-torre-ad-est.jpg 1000w\" sizes=\"(max-width: 1000px) 100vw, 1000px\" \/><\/a><\/div><\/div><\/li><li class=\"fusion-carousel-item\"><div class=\"fusion-carousel-item-wrapper\"><div class=\"fusion-image-wrapper hover-type-none\"><a data-rel=\"iLightbox[gallery_image_1]\" data-caption=\"Corte di Giarola, l\u2019abside della chiesa di San Nicomede e l\u2019antica residenza delle monache.\" data-title=\"124.05.12 &#8211; Corte di Giarola, l\u2019abside della chiesa di San Nicomede e l\u2019antica residenza delle monache\" aria-label=\"124.05.12 &#8211; Corte di Giarola, l\u2019abside della chiesa di San Nicomede e l\u2019antica residenza delle monache\" href=\"https:\/\/parmigianoreggiano.museidelcibo.it\/wp-content\/uploads\/sites\/2\/2025\/06\/124.05.12-Corte-di-Giarola-labside-della-chiesa-di-San-Nicomede-e-lantica-residenza-delle-monache-400x266.jpg\" target=\"_self\"><img width=\"1000\" height=\"664\" src=\"https:\/\/parmigianoreggiano.museidelcibo.it\/wp-content\/uploads\/sites\/2\/2025\/06\/124.05.12-Corte-di-Giarola-labside-della-chiesa-di-San-Nicomede-e-lantica-residenza-delle-monache.jpg\" class=\"attachment-full size-full\" alt=\"\" loading=\"lazy\" srcset=\"https:\/\/parmigianoreggiano.museidelcibo.it\/wp-content\/uploads\/sites\/2\/2025\/06\/124.05.12-Corte-di-Giarola-labside-della-chiesa-di-San-Nicomede-e-lantica-residenza-delle-monache-200x133.jpg 200w, https:\/\/parmigianoreggiano.museidelcibo.it\/wp-content\/uploads\/sites\/2\/2025\/06\/124.05.12-Corte-di-Giarola-labside-della-chiesa-di-San-Nicomede-e-lantica-residenza-delle-monache-300x199.jpg 300w, https:\/\/parmigianoreggiano.museidelcibo.it\/wp-content\/uploads\/sites\/2\/2025\/06\/124.05.12-Corte-di-Giarola-labside-della-chiesa-di-San-Nicomede-e-lantica-residenza-delle-monache-400x266.jpg 400w, https:\/\/parmigianoreggiano.museidelcibo.it\/wp-content\/uploads\/sites\/2\/2025\/06\/124.05.12-Corte-di-Giarola-labside-della-chiesa-di-San-Nicomede-e-lantica-residenza-delle-monache-600x398.jpg 600w, https:\/\/parmigianoreggiano.museidelcibo.it\/wp-content\/uploads\/sites\/2\/2025\/06\/124.05.12-Corte-di-Giarola-labside-della-chiesa-di-San-Nicomede-e-lantica-residenza-delle-monache-768x510.jpg 768w, https:\/\/parmigianoreggiano.museidelcibo.it\/wp-content\/uploads\/sites\/2\/2025\/06\/124.05.12-Corte-di-Giarola-labside-della-chiesa-di-San-Nicomede-e-lantica-residenza-delle-monache-800x531.jpg 800w, https:\/\/parmigianoreggiano.museidelcibo.it\/wp-content\/uploads\/sites\/2\/2025\/06\/124.05.12-Corte-di-Giarola-labside-della-chiesa-di-San-Nicomede-e-lantica-residenza-delle-monache.jpg 1000w\" sizes=\"(max-width: 1000px) 100vw, 1000px\" \/><\/a><\/div><\/div><\/li><li class=\"fusion-carousel-item\"><div class=\"fusion-carousel-item-wrapper\"><div class=\"fusion-image-wrapper hover-type-none\"><a data-rel=\"iLightbox[gallery_image_1]\" data-caption=\"MINOLTA DIGITAL CAMERA\" data-title=\"MINOLTA DIGITAL CAMERA\" aria-label=\"MINOLTA DIGITAL CAMERA\" href=\"https:\/\/parmigianoreggiano.museidelcibo.it\/wp-content\/uploads\/sites\/2\/2025\/06\/124.05.13-Corte-di-Giarola-il-torrione-di-accesso-e-il-corpo-est-400x241.jpg\" target=\"_self\"><img width=\"791\" height=\"477\" src=\"https:\/\/parmigianoreggiano.museidelcibo.it\/wp-content\/uploads\/sites\/2\/2025\/06\/124.05.13-Corte-di-Giarola-il-torrione-di-accesso-e-il-corpo-est.jpg\" class=\"attachment-full size-full\" alt=\"\" loading=\"lazy\" srcset=\"https:\/\/parmigianoreggiano.museidelcibo.it\/wp-content\/uploads\/sites\/2\/2025\/06\/124.05.13-Corte-di-Giarola-il-torrione-di-accesso-e-il-corpo-est-200x121.jpg 200w, https:\/\/parmigianoreggiano.museidelcibo.it\/wp-content\/uploads\/sites\/2\/2025\/06\/124.05.13-Corte-di-Giarola-il-torrione-di-accesso-e-il-corpo-est-300x181.jpg 300w, https:\/\/parmigianoreggiano.museidelcibo.it\/wp-content\/uploads\/sites\/2\/2025\/06\/124.05.13-Corte-di-Giarola-il-torrione-di-accesso-e-il-corpo-est-400x241.jpg 400w, https:\/\/parmigianoreggiano.museidelcibo.it\/wp-content\/uploads\/sites\/2\/2025\/06\/124.05.13-Corte-di-Giarola-il-torrione-di-accesso-e-il-corpo-est-600x362.jpg 600w, https:\/\/parmigianoreggiano.museidelcibo.it\/wp-content\/uploads\/sites\/2\/2025\/06\/124.05.13-Corte-di-Giarola-il-torrione-di-accesso-e-il-corpo-est-768x463.jpg 768w, https:\/\/parmigianoreggiano.museidelcibo.it\/wp-content\/uploads\/sites\/2\/2025\/06\/124.05.13-Corte-di-Giarola-il-torrione-di-accesso-e-il-corpo-est.jpg 791w\" sizes=\"(max-width: 791px) 100vw, 791px\" \/><\/a><\/div><\/div><\/li><li class=\"fusion-carousel-item\"><div class=\"fusion-carousel-item-wrapper\"><div class=\"fusion-image-wrapper hover-type-none\"><a data-rel=\"iLightbox[gallery_image_1]\" data-caption=\"Corte di Giarola, il porticato a ovest con la residenza delle monache in primo piano e le stalle e i fienili al fondo.\" data-title=\"124.05.14 &#8211; Corte di Giarola, il porticato a ovest con la residenza delle monache in primo piano e le stalle e i fienili al fondo\" aria-label=\"124.05.14 &#8211; Corte di Giarola, il porticato a ovest con la residenza delle monache in primo piano e le stalle e i fienili al fondo\" href=\"https:\/\/parmigianoreggiano.museidelcibo.it\/wp-content\/uploads\/sites\/2\/2025\/06\/124.05.14-Corte-di-Giarola-il-porticato-a-ovest-con-la-residenza-delle-monache-in-primo-piano-e-le-stalle-e-i-fienili-al-fondo-400x267.jpg\" target=\"_self\"><img width=\"1000\" height=\"667\" src=\"https:\/\/parmigianoreggiano.museidelcibo.it\/wp-content\/uploads\/sites\/2\/2025\/06\/124.05.14-Corte-di-Giarola-il-porticato-a-ovest-con-la-residenza-delle-monache-in-primo-piano-e-le-stalle-e-i-fienili-al-fondo.jpg\" class=\"attachment-full size-full\" alt=\"\" loading=\"lazy\" srcset=\"https:\/\/parmigianoreggiano.museidelcibo.it\/wp-content\/uploads\/sites\/2\/2025\/06\/124.05.14-Corte-di-Giarola-il-porticato-a-ovest-con-la-residenza-delle-monache-in-primo-piano-e-le-stalle-e-i-fienili-al-fondo-200x133.jpg 200w, https:\/\/parmigianoreggiano.museidelcibo.it\/wp-content\/uploads\/sites\/2\/2025\/06\/124.05.14-Corte-di-Giarola-il-porticato-a-ovest-con-la-residenza-delle-monache-in-primo-piano-e-le-stalle-e-i-fienili-al-fondo-300x200.jpg 300w, https:\/\/parmigianoreggiano.museidelcibo.it\/wp-content\/uploads\/sites\/2\/2025\/06\/124.05.14-Corte-di-Giarola-il-porticato-a-ovest-con-la-residenza-delle-monache-in-primo-piano-e-le-stalle-e-i-fienili-al-fondo-400x267.jpg 400w, https:\/\/parmigianoreggiano.museidelcibo.it\/wp-content\/uploads\/sites\/2\/2025\/06\/124.05.14-Corte-di-Giarola-il-porticato-a-ovest-con-la-residenza-delle-monache-in-primo-piano-e-le-stalle-e-i-fienili-al-fondo-600x400.jpg 600w, https:\/\/parmigianoreggiano.museidelcibo.it\/wp-content\/uploads\/sites\/2\/2025\/06\/124.05.14-Corte-di-Giarola-il-porticato-a-ovest-con-la-residenza-delle-monache-in-primo-piano-e-le-stalle-e-i-fienili-al-fondo-768x512.jpg 768w, https:\/\/parmigianoreggiano.museidelcibo.it\/wp-content\/uploads\/sites\/2\/2025\/06\/124.05.14-Corte-di-Giarola-il-porticato-a-ovest-con-la-residenza-delle-monache-in-primo-piano-e-le-stalle-e-i-fienili-al-fondo-800x534.jpg 800w, https:\/\/parmigianoreggiano.museidelcibo.it\/wp-content\/uploads\/sites\/2\/2025\/06\/124.05.14-Corte-di-Giarola-il-porticato-a-ovest-con-la-residenza-delle-monache-in-primo-piano-e-le-stalle-e-i-fienili-al-fondo.jpg 1000w\" sizes=\"(max-width: 1000px) 100vw, 1000px\" \/><\/a><\/div><\/div><\/li><li class=\"fusion-carousel-item\"><div class=\"fusion-carousel-item-wrapper\"><div class=\"fusion-image-wrapper hover-type-none\"><a data-rel=\"iLightbox[gallery_image_1]\" data-caption=\"Corte di Giarola, l\u2019angolo nord-ovest con l\u2019antico caseificio. L\u2019edificio alla sinistra oggi accoglie i Musei della Pasta e del Pomodoro.\" data-title=\"124.05.15 &#8211; Corte di Giarola, l\u2019angolo nord-ovest con l\u2019antico caseificio. L\u2019edificio alla sinistra oggi accoglie i Musei della Pasta e del Pomodoro\" aria-label=\"124.05.15 &#8211; Corte di Giarola, l\u2019angolo nord-ovest con l\u2019antico caseificio. L\u2019edificio alla sinistra oggi accoglie i Musei della Pasta e del Pomodoro\" href=\"https:\/\/parmigianoreggiano.museidelcibo.it\/wp-content\/uploads\/sites\/2\/2025\/06\/124.05.15-Corte-di-Giarola-langolo-nord-ovest-con-lantico-caseificio.-Ledificio-alla-sinistra-oggi-accoglie-i-Musei-della-Pasta-e-del-Pomodoro-400x267.jpg\" target=\"_self\"><img width=\"1000\" height=\"667\" src=\"https:\/\/parmigianoreggiano.museidelcibo.it\/wp-content\/uploads\/sites\/2\/2025\/06\/124.05.15-Corte-di-Giarola-langolo-nord-ovest-con-lantico-caseificio.-Ledificio-alla-sinistra-oggi-accoglie-i-Musei-della-Pasta-e-del-Pomodoro.jpg\" class=\"attachment-full size-full\" alt=\"\" loading=\"lazy\" srcset=\"https:\/\/parmigianoreggiano.museidelcibo.it\/wp-content\/uploads\/sites\/2\/2025\/06\/124.05.15-Corte-di-Giarola-langolo-nord-ovest-con-lantico-caseificio.-Ledificio-alla-sinistra-oggi-accoglie-i-Musei-della-Pasta-e-del-Pomodoro-200x133.jpg 200w, https:\/\/parmigianoreggiano.museidelcibo.it\/wp-content\/uploads\/sites\/2\/2025\/06\/124.05.15-Corte-di-Giarola-langolo-nord-ovest-con-lantico-caseificio.-Ledificio-alla-sinistra-oggi-accoglie-i-Musei-della-Pasta-e-del-Pomodoro-300x200.jpg 300w, https:\/\/parmigianoreggiano.museidelcibo.it\/wp-content\/uploads\/sites\/2\/2025\/06\/124.05.15-Corte-di-Giarola-langolo-nord-ovest-con-lantico-caseificio.-Ledificio-alla-sinistra-oggi-accoglie-i-Musei-della-Pasta-e-del-Pomodoro-400x267.jpg 400w, https:\/\/parmigianoreggiano.museidelcibo.it\/wp-content\/uploads\/sites\/2\/2025\/06\/124.05.15-Corte-di-Giarola-langolo-nord-ovest-con-lantico-caseificio.-Ledificio-alla-sinistra-oggi-accoglie-i-Musei-della-Pasta-e-del-Pomodoro-600x400.jpg 600w, https:\/\/parmigianoreggiano.museidelcibo.it\/wp-content\/uploads\/sites\/2\/2025\/06\/124.05.15-Corte-di-Giarola-langolo-nord-ovest-con-lantico-caseificio.-Ledificio-alla-sinistra-oggi-accoglie-i-Musei-della-Pasta-e-del-Pomodoro-768x512.jpg 768w, https:\/\/parmigianoreggiano.museidelcibo.it\/wp-content\/uploads\/sites\/2\/2025\/06\/124.05.15-Corte-di-Giarola-langolo-nord-ovest-con-lantico-caseificio.-Ledificio-alla-sinistra-oggi-accoglie-i-Musei-della-Pasta-e-del-Pomodoro-800x534.jpg 800w, https:\/\/parmigianoreggiano.museidelcibo.it\/wp-content\/uploads\/sites\/2\/2025\/06\/124.05.15-Corte-di-Giarola-langolo-nord-ovest-con-lantico-caseificio.-Ledificio-alla-sinistra-oggi-accoglie-i-Musei-della-Pasta-e-del-Pomodoro.jpg 1000w\" sizes=\"(max-width: 1000px) 100vw, 1000px\" \/><\/a><\/div><\/div><\/li><li class=\"fusion-carousel-item\"><div class=\"fusion-carousel-item-wrapper\"><div class=\"fusion-image-wrapper hover-type-none\"><a data-rel=\"iLightbox[gallery_image_1]\" data-caption=\"Corte di Giarola, il porticato occidentale. Qui un tempo transitava uno dei tracciati della via Francigena, che conduceva i pellegrini a Roma attraverso il valico della Cisa (Foto Agnese Fochesato).\" data-title=\"124.05.16 &#8211; Corte di Giarola, il porticato occidentale &#8211; Foto Agnese Fochesato\" aria-label=\"124.05.16 &#8211; Corte di Giarola, il porticato occidentale &#8211; Foto Agnese Fochesato\" href=\"https:\/\/parmigianoreggiano.museidelcibo.it\/wp-content\/uploads\/sites\/2\/2025\/06\/124.05.16-Corte-di-Giarola-il-porticato-occidentale-Foto-Agnese-Fochesato-400x600.jpg\" target=\"_self\"><img width=\"1000\" height=\"1500\" src=\"https:\/\/parmigianoreggiano.museidelcibo.it\/wp-content\/uploads\/sites\/2\/2025\/06\/124.05.16-Corte-di-Giarola-il-porticato-occidentale-Foto-Agnese-Fochesato.jpg\" class=\"attachment-full size-full\" alt=\"\" loading=\"lazy\" srcset=\"https:\/\/parmigianoreggiano.museidelcibo.it\/wp-content\/uploads\/sites\/2\/2025\/06\/124.05.16-Corte-di-Giarola-il-porticato-occidentale-Foto-Agnese-Fochesato-200x300.jpg 200w, https:\/\/parmigianoreggiano.museidelcibo.it\/wp-content\/uploads\/sites\/2\/2025\/06\/124.05.16-Corte-di-Giarola-il-porticato-occidentale-Foto-Agnese-Fochesato-400x600.jpg 400w, https:\/\/parmigianoreggiano.museidelcibo.it\/wp-content\/uploads\/sites\/2\/2025\/06\/124.05.16-Corte-di-Giarola-il-porticato-occidentale-Foto-Agnese-Fochesato-600x900.jpg 600w, https:\/\/parmigianoreggiano.museidelcibo.it\/wp-content\/uploads\/sites\/2\/2025\/06\/124.05.16-Corte-di-Giarola-il-porticato-occidentale-Foto-Agnese-Fochesato-683x1024.jpg 683w, https:\/\/parmigianoreggiano.museidelcibo.it\/wp-content\/uploads\/sites\/2\/2025\/06\/124.05.16-Corte-di-Giarola-il-porticato-occidentale-Foto-Agnese-Fochesato-768x1152.jpg 768w, https:\/\/parmigianoreggiano.museidelcibo.it\/wp-content\/uploads\/sites\/2\/2025\/06\/124.05.16-Corte-di-Giarola-il-porticato-occidentale-Foto-Agnese-Fochesato-800x1200.jpg 800w, https:\/\/parmigianoreggiano.museidelcibo.it\/wp-content\/uploads\/sites\/2\/2025\/06\/124.05.16-Corte-di-Giarola-il-porticato-occidentale-Foto-Agnese-Fochesato.jpg 1000w\" sizes=\"(max-width: 1000px) 100vw, 1000px\" \/><\/a><\/div><\/div><\/li><\/ul><div class=\"fusion-carousel-nav\"><span class=\"fusion-nav-prev\"><\/span><span class=\"fusion-nav-next\"><\/span><\/div><\/div><\/div><\/div><div class=\"fusion-clearfix\"><\/div>\n\n\t\t\t\t\t<\/div>\n\t\t\t\t<\/div><\/div><\/div><\/p>\n","protected":false},"excerpt":{"rendered":"<p>Il monastero benedettino di San Paolo, fondato verso l&#8217;anno 1000 dal vescovo di Parma Sigifredo II presso la chiesa eretta nel 985, in questo fine del Millequattrocento e inizio del Millecinquecento sta godendo di un grande splendore sotto il governo delle badesse Cecilia Bergonzi e Giovanna Piacenza che ne hanno fatto uno dei centri culturali pi\u00f9 vivaci di Parma.<\/p>\n","protected":false},"author":1300,"featured_media":20670,"comment_status":"closed","ping_status":"closed","sticky":false,"template":"","format":"standard","meta":[],"categories":[113,14],"tags":[],"_links":{"self":[{"href":"https:\/\/parmigianoreggiano.museidelcibo.it\/en\/wp-json\/wp\/v2\/posts\/20669"}],"collection":[{"href":"https:\/\/parmigianoreggiano.museidelcibo.it\/en\/wp-json\/wp\/v2\/posts"}],"about":[{"href":"https:\/\/parmigianoreggiano.museidelcibo.it\/en\/wp-json\/wp\/v2\/types\/post"}],"author":[{"embeddable":true,"href":"https:\/\/parmigianoreggiano.museidelcibo.it\/en\/wp-json\/wp\/v2\/users\/1300"}],"replies":[{"embeddable":true,"href":"https:\/\/parmigianoreggiano.museidelcibo.it\/en\/wp-json\/wp\/v2\/comments?post=20669"}],"version-history":[{"count":0,"href":"https:\/\/parmigianoreggiano.museidelcibo.it\/en\/wp-json\/wp\/v2\/posts\/20669\/revisions"}],"wp:featuredmedia":[{"embeddable":true,"href":"https:\/\/parmigianoreggiano.museidelcibo.it\/en\/wp-json\/wp\/v2\/media\/20670"}],"wp:attachment":[{"href":"https:\/\/parmigianoreggiano.museidelcibo.it\/en\/wp-json\/wp\/v2\/media?parent=20669"}],"wp:term":[{"taxonomy":"category","embeddable":true,"href":"https:\/\/parmigianoreggiano.museidelcibo.it\/en\/wp-json\/wp\/v2\/categories?post=20669"},{"taxonomy":"post_tag","embeddable":true,"href":"https:\/\/parmigianoreggiano.museidelcibo.it\/en\/wp-json\/wp\/v2\/tags?post=20669"}],"curies":[{"name":"wp","href":"https:\/\/api.w.org\/{rel}","templated":true}]}}